{"id":1872,"date":"2019-08-11T14:59:19","date_gmt":"2019-08-11T14:59:19","guid":{"rendered":"https:\/\/www.teachandtravel.ch\/trinkwasser\/?p=1872"},"modified":"2019-08-11T15:02:47","modified_gmt":"2019-08-11T15:02:47","slug":"saone-ab-in-den-norden","status":"publish","type":"post","link":"https:\/\/www.teachandtravel.ch\/trinkwasser\/saone-ab-in-den-norden\/","title":{"rendered":"Sa\u00f4ne &#8211; Ab in den Norden"},"content":{"rendered":"<p>Da die Sa\u00f4ne kaum Str\u00f6mung besitzt, verschlechtert sich die Wasserqualit\u00e4t massiv. Dank meines Filters kann ich aber mein Recht auf sauberes Trinkwasser weiterhin sicherstellen. Ein Menschenrecht, das vielen Menschen auf der Welt ein Leben lang verwehrt bleibt. Eine Ungerechtigkeit, f\u00fcr die wir z.B. durch einen \u00fcberm\u00e4ssigen Konsum auch verantwortlich sind. Ist es nicht h\u00f6chste Zeit, dass wir etwas von unserem Gl\u00fcck zur\u00fcckgeben?<\/p>\n","protected":false},"excerpt":{"rendered":"<p>Da die Sa\u00f4ne kaum Str\u00f6mung besitzt, verschlechtert sich die Wasserqualit\u00e4t massiv. Dank meines Filters kann ich aber mein Recht auf sauberes Trinkwasser weiterhin sicherstellen. Ein Menschenrecht, das vielen Menschen auf der Welt ein Leben lang verwehrt bleibt. Eine Ungerechtigkeit, f\u00fcr die wir z.B. durch einen \u00fcberm\u00e4ssigen Konsum auch verantwortlich sind. Ist es nicht h\u00f6chste Zeit, dass wir etwas von unserem Gl\u00fcck zur\u00fcckgeben?<\/p>\n","protected":false},"author":1,"featured_media":1871,"comment_status":"closed","ping_status":"closed","sticky":false,"template":"","format":"standard","meta":{"footnotes":""},"categories":[1],"tags":[],"class_list":["post-1872","post","type-post","status-publish","format-standard","has-post-thumbnail","hentry","category-allgemein"],"_links":{"self":[{"href":"https:\/\/www.teachandtravel.ch\/trinkwasser\/wp-json\/wp\/v2\/posts\/1872","targetHints":{"allow":["GET"]}}],"collection":[{"href":"https:\/\/www.teachandtravel.ch\/trinkwasser\/wp-json\/wp\/v2\/posts"}],"about":[{"href":"https:\/\/www.teachandtravel.ch\/trinkwasser\/wp-json\/wp\/v2\/types\/post"}],"author":[{"embeddable":true,"href":"https:\/\/www.teachandtravel.ch\/trinkwasser\/wp-json\/wp\/v2\/users\/1"}],"replies":[{"embeddable":true,"href":"https:\/\/www.teachandtravel.ch\/trinkwasser\/wp-json\/wp\/v2\/comments?post=1872"}],"version-history":[{"count":1,"href":"https:\/\/www.teachandtravel.ch\/trinkwasser\/wp-json\/wp\/v2\/posts\/1872\/revisions"}],"predecessor-version":[{"id":1873,"href":"https:\/\/www.teachandtravel.ch\/trinkwasser\/wp-json\/wp\/v2\/posts\/1872\/revisions\/1873"}],"wp:featuredmedia":[{"embeddable":true,"href":"https:\/\/www.teachandtravel.ch\/trinkwasser\/wp-json\/wp\/v2\/media\/1871"}],"wp:attachment":[{"href":"https:\/\/www.teachandtravel.ch\/trinkwasser\/wp-json\/wp\/v2\/media?parent=1872"}],"wp:term":[{"taxonomy":"category","embeddable":true,"href":"https:\/\/www.teachandtravel.ch\/trinkwasser\/wp-json\/wp\/v2\/categories?post=1872"},{"taxonomy":"post_tag","embeddable":true,"href":"https:\/\/www.teachandtravel.ch\/trinkwasser\/wp-json\/wp\/v2\/tags?post=1872"}],"curies":[{"name":"wp","href":"https:\/\/api.w.org\/{rel}","templated":true}]}}